{"id":1352,"date":"2021-10-13T15:38:01","date_gmt":"2021-10-13T13:38:01","guid":{"rendered":"http:\/\/sv-frohsinn-schoenbrunn.de\/wordpress\/?p=1352"},"modified":"2021-10-13T15:42:23","modified_gmt":"2021-10-13T13:42:23","slug":"jahreshauptversammlung-des-schuetzengaus-wasserburg-haag-am-13-09-2021-in-schoenbrunn","status":"publish","type":"post","link":"https:\/\/sv-frohsinn-schoenbrunn.de\/wordpress\/2021\/10\/13\/jahreshauptversammlung-des-schuetzengaus-wasserburg-haag-am-13-09-2021-in-schoenbrunn\/","title":{"rendered":"Jahreshauptversammlung des Sch\u00fctzengaus Wasserburg-Haag am 13.09.2021 in Sch\u00f6nbrunn"},"content":{"rendered":"\n<p>Erstmals war der Sch\u00fctzenverein &#8222;Frohsinn&#8220; Sch\u00f6nbrunn der austragende Verein der Jahreshauptversammlung des Sch\u00fctzengaus Wasserburg-Haag. Aufgrund der Pandemie musste die Jahreshauptversammlung, die vor 2 Jahren das letzte Mal abgehalten wurde, unz\u00e4hlige Male verschoben werden. Nun konnte sie am 13.09.2021 im Vereinsst\u00fcberl abgehalten werden. Die Veranstaltung war gut besucht und kurz nach 20 Uhr konnte Sch\u00fctzenmeister Johann Neumaier die Versammlung er\u00f6ffnen. Er begr\u00fc\u00dfte alle anwesenden Sch\u00fctzenmeister\/innen sowie den Gauvorstand mit dem ersten Gausch\u00fctzenmeister Erich Eisenberger. Ebenfalls herzlich begr\u00fc\u00dft wurde Ehrensch\u00fctzenmeister Helmut Wagner sowie Landessch\u00fctzenmeister Christian K\u00fchn als Ehrengast. Au\u00dferdem nahm noch der stellvertretende Bezirkssch\u00fctzenmeister Johannes Enders an der Versammlung teil.  Im Anschluss \u00fcbergab Johann Neumaier f\u00fcr den weiteren Verlauf der Versammlung das Wort an den zweiten Gausch\u00fctzenmeister Herbert Tolks weiter.                                                     <\/p>\n\n\n\n<figure class=\"wp-block-image size-large is-resized\"><img loading=\"lazy\" decoding=\"async\" src=\"http:\/\/sv-frohsinn-schoenbrunn.de\/wordpress\/wp-content\/uploads\/2021\/10\/JOWX1516-1024x768.jpg\" alt=\"\" class=\"wp-image-1356\" width=\"622\" height=\"466\" srcset=\"https:\/\/sv-frohsinn-schoenbrunn.de\/wordpress\/wp-content\/uploads\/2021\/10\/JOWX1516-1024x768.jpg 1024w, https:\/\/sv-frohsinn-schoenbrunn.de\/wordpress\/wp-content\/uploads\/2021\/10\/JOWX1516-300x225.jpg 300w, https:\/\/sv-frohsinn-schoenbrunn.de\/wordpress\/wp-content\/uploads\/2021\/10\/JOWX1516-768x576.jpg 768w, https:\/\/sv-frohsinn-schoenbrunn.de\/wordpress\/wp-content\/uploads\/2021\/10\/JOWX1516-1536x1152.jpg 1536w, https:\/\/sv-frohsinn-schoenbrunn.de\/wordpress\/wp-content\/uploads\/2021\/10\/JOWX1516-830x623.jpg 830w, https:\/\/sv-frohsinn-schoenbrunn.de\/wordpress\/wp-content\/uploads\/2021\/10\/JOWX1516-230x173.jpg 230w, https:\/\/sv-frohsinn-schoenbrunn.de\/wordpress\/wp-content\/uploads\/2021\/10\/JOWX1516-350x263.jpg 350w, https:\/\/sv-frohsinn-schoenbrunn.de\/wordpress\/wp-content\/uploads\/2021\/10\/JOWX1516-480x360.jpg 480w, https:\/\/sv-frohsinn-schoenbrunn.de\/wordpress\/wp-content\/uploads\/2021\/10\/JOWX1516.jpg 1600w\" sizes=\"auto, (max-width: 622px) 100vw, 622px\" \/><\/figure>\n\n\n\n<p>Als Dank f\u00fcr die Austragung der Gauversammlung erhielt der Sch\u00fctzenverein &#8222;Frohsinn&#8220; Sch\u00f6nbrunn einen Silbertaler als Andenken. Dieser Taler wird einen Platz an der in Planung befindlichen K\u00f6nigskette f\u00fcr die &#8222;Aufliegend-Sch\u00fctzen&#8220; finden. Anschlie\u00dfend wurden die Punkte der Agenda durchgegangen.<\/p>\n\n\n\n<figure class=\"wp-block-image size-large is-resized\"><img loading=\"lazy\" decoding=\"async\" src=\"http:\/\/sv-frohsinn-schoenbrunn.de\/wordpress\/wp-content\/uploads\/2021\/10\/LGNW7295-1024x768.jpg\" alt=\"\" class=\"wp-image-1357\" width=\"626\" height=\"469\" srcset=\"https:\/\/sv-frohsinn-schoenbrunn.de\/wordpress\/wp-content\/uploads\/2021\/10\/LGNW7295-1024x768.jpg 1024w, https:\/\/sv-frohsinn-schoenbrunn.de\/wordpress\/wp-content\/uploads\/2021\/10\/LGNW7295-300x225.jpg 300w, https:\/\/sv-frohsinn-schoenbrunn.de\/wordpress\/wp-content\/uploads\/2021\/10\/LGNW7295-768x576.jpg 768w, https:\/\/sv-frohsinn-schoenbrunn.de\/wordpress\/wp-content\/uploads\/2021\/10\/LGNW7295-1536x1152.jpg 1536w, https:\/\/sv-frohsinn-schoenbrunn.de\/wordpress\/wp-content\/uploads\/2021\/10\/LGNW7295-830x623.jpg 830w, https:\/\/sv-frohsinn-schoenbrunn.de\/wordpress\/wp-content\/uploads\/2021\/10\/LGNW7295-230x173.jpg 230w, https:\/\/sv-frohsinn-schoenbrunn.de\/wordpress\/wp-content\/uploads\/2021\/10\/LGNW7295-350x263.jpg 350w, https:\/\/sv-frohsinn-schoenbrunn.de\/wordpress\/wp-content\/uploads\/2021\/10\/LGNW7295-480x360.jpg 480w, https:\/\/sv-frohsinn-schoenbrunn.de\/wordpress\/wp-content\/uploads\/2021\/10\/LGNW7295.jpg 1600w\" sizes=\"auto, (max-width: 626px) 100vw, 626px\" \/><\/figure>\n\n\n\n<p>Im Anschluss wurde noch eine Auszeichnung ausgegeben. Und zwar wurde Josef Eibl, welcher 55 Jahre Sch\u00fctzenmeister der Hubertus-Sch\u00fctzen Stauden ist, zum Gau-Ehrenmitglied des Sch\u00fctzengau Wasserburg-Haag ernannt. <\/p>\n\n\n\n<figure class=\"wp-block-image size-large\"><img loading=\"lazy\" decoding=\"async\" width=\"1024\" height=\"576\" src=\"http:\/\/sv-frohsinn-schoenbrunn.de\/wordpress\/wp-content\/uploads\/2021\/10\/27209247-zweiter-gauschuetzenmeister-herbert-tolks-links-und-gauschuetzenmeister-erich-eisenberger-rechts-ernennen-josef-eibl-zum-gau-ehrenmitglied-2Ga7.jpg\" alt=\"\" class=\"wp-image-1355\" srcset=\"https:\/\/sv-frohsinn-schoenbrunn.de\/wordpress\/wp-content\/uploads\/2021\/10\/27209247-zweiter-gauschuetzenmeister-herbert-tolks-links-und-gauschuetzenmeister-erich-eisenberger-rechts-ernennen-josef-eibl-zum-gau-ehrenmitglied-2Ga7.jpg 1024w, https:\/\/sv-frohsinn-schoenbrunn.de\/wordpress\/wp-content\/uploads\/2021\/10\/27209247-zweiter-gauschuetzenmeister-herbert-tolks-links-und-gauschuetzenmeister-erich-eisenberger-rechts-ernennen-josef-eibl-zum-gau-ehrenmitglied-2Ga7-300x169.jpg 300w, https:\/\/sv-frohsinn-schoenbrunn.de\/wordpress\/wp-content\/uploads\/2021\/10\/27209247-zweiter-gauschuetzenmeister-herbert-tolks-links-und-gauschuetzenmeister-erich-eisenberger-rechts-ernennen-josef-eibl-zum-gau-ehrenmitglied-2Ga7-768x432.jpg 768w, https:\/\/sv-frohsinn-schoenbrunn.de\/wordpress\/wp-content\/uploads\/2021\/10\/27209247-zweiter-gauschuetzenmeister-herbert-tolks-links-und-gauschuetzenmeister-erich-eisenberger-rechts-ernennen-josef-eibl-zum-gau-ehrenmitglied-2Ga7-830x467.jpg 830w, https:\/\/sv-frohsinn-schoenbrunn.de\/wordpress\/wp-content\/uploads\/2021\/10\/27209247-zweiter-gauschuetzenmeister-herbert-tolks-links-und-gauschuetzenmeister-erich-eisenberger-rechts-ernennen-josef-eibl-zum-gau-ehrenmitglied-2Ga7-230x129.jpg 230w, https:\/\/sv-frohsinn-schoenbrunn.de\/wordpress\/wp-content\/uploads\/2021\/10\/27209247-zweiter-gauschuetzenmeister-herbert-tolks-links-und-gauschuetzenmeister-erich-eisenberger-rechts-ernennen-josef-eibl-zum-gau-ehrenmitglied-2Ga7-350x197.jpg 350w, https:\/\/sv-frohsinn-schoenbrunn.de\/wordpress\/wp-content\/uploads\/2021\/10\/27209247-zweiter-gauschuetzenmeister-herbert-tolks-links-und-gauschuetzenmeister-erich-eisenberger-rechts-ernennen-josef-eibl-zum-gau-ehrenmitglied-2Ga7-480x270.jpg 480w\" sizes=\"auto, (max-width: 1024px) 100vw, 1024px\" \/><figcaption>von links: Herbert Tolks, Josef Eibl, Erich Eisenberger<\/figcaption><\/figure>\n","protected":false},"excerpt":{"rendered":"<p>Erstmals war der Sch\u00fctzenverein &#8222;Frohsinn&#8220; Sch\u00f6nbrunn der austragende Verein der Jahreshauptversammlung des Sch\u00fctzengaus Wasserburg-Haag. Aufgrund der Pandemie musste die Jahreshauptversammlung, die vor 2 Jahren das letzte Mal abgehalten wurde, unz\u00e4hlige &hellip; <\/p>\n<p class=\"link-more\"><a href=\"https:\/\/sv-frohsinn-schoenbrunn.de\/wordpress\/2021\/10\/13\/jahreshauptversammlung-des-schuetzengaus-wasserburg-haag-am-13-09-2021-in-schoenbrunn\/\" class=\"more-link\">Mehr <span class=\"screen-reader-text\">\u00fcber &#8222;Jahreshauptversammlung des Sch\u00fctzengaus Wasserburg-Haag am 13.09.2021 in Sch\u00f6nbrunn&#8220; <\/span>Lesen<\/a><\/p>\n","protected":false},"author":5,"featured_media":0,"comment_status":"closed","ping_status":"open","sticky":false,"template":"","format":"standard","meta":{"iawp_total_views":21,"footnotes":""},"categories":[1],"tags":[],"class_list":["post-1352","post","type-post","status-publish","format-standard","hentry","category-allgemein"],"_links":{"self":[{"href":"https:\/\/sv-frohsinn-schoenbrunn.de\/wordpress\/wp-json\/wp\/v2\/posts\/1352","targetHints":{"allow":["GET"]}}],"collection":[{"href":"https:\/\/sv-frohsinn-schoenbrunn.de\/wordpress\/wp-json\/wp\/v2\/posts"}],"about":[{"href":"https:\/\/sv-frohsinn-schoenbrunn.de\/wordpress\/wp-json\/wp\/v2\/types\/post"}],"author":[{"embeddable":true,"href":"https:\/\/sv-frohsinn-schoenbrunn.de\/wordpress\/wp-json\/wp\/v2\/users\/5"}],"replies":[{"embeddable":true,"href":"https:\/\/sv-frohsinn-schoenbrunn.de\/wordpress\/wp-json\/wp\/v2\/comments?post=1352"}],"version-history":[{"count":4,"href":"https:\/\/sv-frohsinn-schoenbrunn.de\/wordpress\/wp-json\/wp\/v2\/posts\/1352\/revisions"}],"predecessor-version":[{"id":1360,"href":"https:\/\/sv-frohsinn-schoenbrunn.de\/wordpress\/wp-json\/wp\/v2\/posts\/1352\/revisions\/1360"}],"wp:attachment":[{"href":"https:\/\/sv-frohsinn-schoenbrunn.de\/wordpress\/wp-json\/wp\/v2\/media?parent=1352"}],"wp:term":[{"taxonomy":"category","embeddable":true,"href":"https:\/\/sv-frohsinn-schoenbrunn.de\/wordpress\/wp-json\/wp\/v2\/categories?post=1352"},{"taxonomy":"post_tag","embeddable":true,"href":"https:\/\/sv-frohsinn-schoenbrunn.de\/wordpress\/wp-json\/wp\/v2\/tags?post=1352"}],"curies":[{"name":"wp","href":"https:\/\/api.w.org\/{rel}","templated":true}]}}