{"id":1374,"date":"2021-12-12T11:24:00","date_gmt":"2021-12-12T10:24:00","guid":{"rendered":"http:\/\/sv-frohsinn-schoenbrunn.de\/wordpress\/?p=1374"},"modified":"2021-12-12T11:26:15","modified_gmt":"2021-12-12T10:26:15","slug":"verkehrsausschuss-des-kreistags-erding-zu-besuch-im-vereinsstueberl","status":"publish","type":"post","link":"https:\/\/sv-frohsinn-schoenbrunn.de\/wordpress\/2021\/12\/12\/verkehrsausschuss-des-kreistags-erding-zu-besuch-im-vereinsstueberl\/","title":{"rendered":"Verkehrsausschuss des Kreistags Erding zu Besuch im Vereinsst\u00fcberl am 22.11.2021"},"content":{"rendered":"\n<p>Zur gro\u00dfen Freude der Vereinsvorst\u00e4nde des Vereinsst\u00fcberls beschloss der Verkehrsausschuss des Kreistages Erding (u.a. mit Landrat Martin Bayerstorfer und Ulrike Scharf), in Sch\u00f6nbrunn kurz Einkehr zu halten. Hier ein kleiner Ausschnitt des Artikels im M\u00fcnchner Merkur:<br><em>&#8230;&#8230;..Zur Debatte \u2013 zun\u00e4chst beim Ortstermin im Nieselregen neben der ED\u200518 und anschlie\u00dfend im behaglichen B\u00fcrgerhaus Sch\u00f6nbrunn bei bester Bewirtung \u2013 war auch B\u00fcrgermeister Ullrich Gaigl gekommen. Er bat dringend darum, den Kreisverkehr weiter n\u00f6rdlich zu beschlie\u00dfen. &#8230;&#8230;&#8230;<\/em><\/p>\n\n\n\n<figure class=\"wp-block-image size-large is-resized\"><img loading=\"lazy\" decoding=\"async\" src=\"http:\/\/sv-frohsinn-schoenbrunn.de\/wordpress\/wp-content\/uploads\/2021\/12\/IMG_2432-768x1024.jpg\" alt=\"\" class=\"wp-image-1376\" width=\"339\" height=\"452\" srcset=\"https:\/\/sv-frohsinn-schoenbrunn.de\/wordpress\/wp-content\/uploads\/2021\/12\/IMG_2432-768x1024.jpg 768w, https:\/\/sv-frohsinn-schoenbrunn.de\/wordpress\/wp-content\/uploads\/2021\/12\/IMG_2432-225x300.jpg 225w, https:\/\/sv-frohsinn-schoenbrunn.de\/wordpress\/wp-content\/uploads\/2021\/12\/IMG_2432-1152x1536.jpg 1152w, https:\/\/sv-frohsinn-schoenbrunn.de\/wordpress\/wp-content\/uploads\/2021\/12\/IMG_2432-1536x2048.jpg 1536w, https:\/\/sv-frohsinn-schoenbrunn.de\/wordpress\/wp-content\/uploads\/2021\/12\/IMG_2432-830x1107.jpg 830w, https:\/\/sv-frohsinn-schoenbrunn.de\/wordpress\/wp-content\/uploads\/2021\/12\/IMG_2432-230x307.jpg 230w, https:\/\/sv-frohsinn-schoenbrunn.de\/wordpress\/wp-content\/uploads\/2021\/12\/IMG_2432-350x467.jpg 350w, https:\/\/sv-frohsinn-schoenbrunn.de\/wordpress\/wp-content\/uploads\/2021\/12\/IMG_2432-480x640.jpg 480w, https:\/\/sv-frohsinn-schoenbrunn.de\/wordpress\/wp-content\/uploads\/2021\/12\/IMG_2432-scaled.jpg 1920w\" sizes=\"auto, (max-width: 339px) 100vw, 339px\" \/><\/figure>\n\n\n\n<p>  <\/p>\n\n\n\n<figure class=\"wp-block-image size-large is-resized\"><img loading=\"lazy\" decoding=\"async\" src=\"http:\/\/sv-frohsinn-schoenbrunn.de\/wordpress\/wp-content\/uploads\/2021\/12\/IMG_2434-1024x768.jpg\" alt=\"\" class=\"wp-image-1377\" width=\"409\" height=\"307\" srcset=\"https:\/\/sv-frohsinn-schoenbrunn.de\/wordpress\/wp-content\/uploads\/2021\/12\/IMG_2434-1024x768.jpg 1024w, https:\/\/sv-frohsinn-schoenbrunn.de\/wordpress\/wp-content\/uploads\/2021\/12\/IMG_2434-300x225.jpg 300w, https:\/\/sv-frohsinn-schoenbrunn.de\/wordpress\/wp-content\/uploads\/2021\/12\/IMG_2434-768x576.jpg 768w, https:\/\/sv-frohsinn-schoenbrunn.de\/wordpress\/wp-content\/uploads\/2021\/12\/IMG_2434-1536x1152.jpg 1536w, https:\/\/sv-frohsinn-schoenbrunn.de\/wordpress\/wp-content\/uploads\/2021\/12\/IMG_2434-2048x1536.jpg 2048w, https:\/\/sv-frohsinn-schoenbrunn.de\/wordpress\/wp-content\/uploads\/2021\/12\/IMG_2434-830x623.jpg 830w, https:\/\/sv-frohsinn-schoenbrunn.de\/wordpress\/wp-content\/uploads\/2021\/12\/IMG_2434-230x173.jpg 230w, https:\/\/sv-frohsinn-schoenbrunn.de\/wordpress\/wp-content\/uploads\/2021\/12\/IMG_2434-350x263.jpg 350w, https:\/\/sv-frohsinn-schoenbrunn.de\/wordpress\/wp-content\/uploads\/2021\/12\/IMG_2434-480x360.jpg 480w\" sizes=\"auto, (max-width: 409px) 100vw, 409px\" \/><\/figure>\n","protected":false},"excerpt":{"rendered":"<p>Zur gro\u00dfen Freude der Vereinsvorst\u00e4nde des Vereinsst\u00fcberls beschloss der Verkehrsausschuss des Kreistages Erding (u.a. mit Landrat Martin Bayerstorfer und Ulrike Scharf), in Sch\u00f6nbrunn kurz Einkehr zu halten. Hier ein kleiner &hellip; <\/p>\n<p class=\"link-more\"><a href=\"https:\/\/sv-frohsinn-schoenbrunn.de\/wordpress\/2021\/12\/12\/verkehrsausschuss-des-kreistags-erding-zu-besuch-im-vereinsstueberl\/\" class=\"more-link\">Mehr <span class=\"screen-reader-text\">\u00fcber &#8222;Verkehrsausschuss des Kreistags Erding zu Besuch im Vereinsst\u00fcberl am 22.11.2021&#8220; <\/span>Lesen<\/a><\/p>\n","protected":false},"author":5,"featured_media":0,"comment_status":"closed","ping_status":"open","sticky":false,"template":"","format":"standard","meta":{"iawp_total_views":5,"footnotes":""},"categories":[1],"tags":[],"class_list":["post-1374","post","type-post","status-publish","format-standard","hentry","category-allgemein"],"_links":{"self":[{"href":"https:\/\/sv-frohsinn-schoenbrunn.de\/wordpress\/wp-json\/wp\/v2\/posts\/1374","targetHints":{"allow":["GET"]}}],"collection":[{"href":"https:\/\/sv-frohsinn-schoenbrunn.de\/wordpress\/wp-json\/wp\/v2\/posts"}],"about":[{"href":"https:\/\/sv-frohsinn-schoenbrunn.de\/wordpress\/wp-json\/wp\/v2\/types\/post"}],"author":[{"embeddable":true,"href":"https:\/\/sv-frohsinn-schoenbrunn.de\/wordpress\/wp-json\/wp\/v2\/users\/5"}],"replies":[{"embeddable":true,"href":"https:\/\/sv-frohsinn-schoenbrunn.de\/wordpress\/wp-json\/wp\/v2\/comments?post=1374"}],"version-history":[{"count":4,"href":"https:\/\/sv-frohsinn-schoenbrunn.de\/wordpress\/wp-json\/wp\/v2\/posts\/1374\/revisions"}],"predecessor-version":[{"id":1380,"href":"https:\/\/sv-frohsinn-schoenbrunn.de\/wordpress\/wp-json\/wp\/v2\/posts\/1374\/revisions\/1380"}],"wp:attachment":[{"href":"https:\/\/sv-frohsinn-schoenbrunn.de\/wordpress\/wp-json\/wp\/v2\/media?parent=1374"}],"wp:term":[{"taxonomy":"category","embeddable":true,"href":"https:\/\/sv-frohsinn-schoenbrunn.de\/wordpress\/wp-json\/wp\/v2\/categories?post=1374"},{"taxonomy":"post_tag","embeddable":true,"href":"https:\/\/sv-frohsinn-schoenbrunn.de\/wordpress\/wp-json\/wp\/v2\/tags?post=1374"}],"curies":[{"name":"wp","href":"https:\/\/api.w.org\/{rel}","templated":true}]}}